{"id":2773,"date":"2018-09-13T11:20:25","date_gmt":"2018-09-13T11:20:25","guid":{"rendered":"http:\/\/www.abitbol-associes.com\/fr\/?p=2773"},"modified":"2019-09-05T17:24:01","modified_gmt":"2019-09-05T17:24:01","slug":"fiscalite-israel-france-le-delai-de-reprise-de-ladministration-fiscale-francaise-modifiee-pour-2018","status":"publish","type":"post","link":"https:\/\/www.abitbol-associes.com\/fr\/fiscalite-israel-france-le-delai-de-reprise-de-ladministration-fiscale-francaise-modifiee-pour-2018\/","title":{"rendered":"Fiscalit\u00e9 Israel-France: le d\u00e9lai de reprise de l\u2019Administration fiscale fran\u00e7aise modifi\u00e9e pour 2018"},"content":{"rendered":"<div id=\"attachment_2775\" style=\"width: 310px\" class=\"wp-caption aligncenter\"><img loading=\"lazy\" decoding=\"async\" aria-describedby=\"caption-attachment-2775\" class=\"size-medium wp-image-2775\" src=\"https:\/\/abitbol-associes.com\/wp-content\/uploads\/2018\/09\/Depositphotos_22733967_xl-2015-300x200.jpg\" alt=\"\" width=\"300\" height=\"200\" srcset=\"https:\/\/www.abitbol-associes.com\/wp-content\/uploads\/2018\/09\/Depositphotos_22733967_xl-2015-300x200.jpg 300w, https:\/\/www.abitbol-associes.com\/wp-content\/uploads\/2018\/09\/Depositphotos_22733967_xl-2015-768x512.jpg 768w, https:\/\/www.abitbol-associes.com\/wp-content\/uploads\/2018\/09\/Depositphotos_22733967_xl-2015-1024x683.jpg 1024w, https:\/\/www.abitbol-associes.com\/wp-content\/uploads\/2018\/09\/Depositphotos_22733967_xl-2015-462x306.jpg 462w, https:\/\/www.abitbol-associes.com\/wp-content\/uploads\/2018\/09\/Depositphotos_22733967_xl-2015-140x94.jpg 140w, https:\/\/www.abitbol-associes.com\/wp-content\/uploads\/2018\/09\/Depositphotos_22733967_xl-2015-150x100.jpg 150w\" sizes=\"auto, (max-width: 300px) 100vw, 300px\" \/><p id=\"caption-attachment-2775\" class=\"wp-caption-text\">Fiscalit\u00e9 Israel-France: Le d\u00e9lai de reprise de l\u2019Administration fiscale fran\u00e7aise modifi\u00e9e pour 2018<\/p><\/div>\n<p>&nbsp;<\/p>\n<p>En suite de la mise en place du pr\u00e9l\u00e8vement \u00e0 la source de l\u2019imp\u00f4t sur le revenu et des pr\u00e9l\u00e8vements sociaux allant porter sur certains revenus cat\u00e9goriels per\u00e7us \u00e0 compter du 1<sup>er<\/sup> janvier 2018 (revenus salariaux, revenus de remplacement,\u00a0pensions,\u00a0rentes viag\u00e8res,\u00a0revenus des travailleurs ind\u00e9pendants\u00a0et\u00a0revenus fonciers) le d\u00e9lai de reprise de l\u2019administration fiscale fran\u00e7aise passera, \u00a0pour ces revenus per\u00e7us au titre de cette ann\u00e9e 2018, de 3 \u00e0 4 ans, et expirera, par suite, le 31 d\u00e9cembre de la quatri\u00e8me ann\u00e9e suivant celle au titre de laquelle l\u2019imposition est due, soit le 31 d\u00e9cembre 2022.<\/p>\n<p>Par exemple, pour les revenus de l&rsquo;ann\u00e9e 2017 lesquels sont d\u00e9clar\u00e9s en 2018, le d\u00e9lai de reprise expirera le 31 d\u00e9cembre 2020. En revanche, pour les revenus imposables au titre de l&rsquo;ann\u00e9e\u00a02018,\u00a0le d\u00e9lai de reprise expirera le 31 d\u00e9cembre\u00a02022.<\/p>\n<p>Il est \u00e0 noter que, cette mesure tendant \u00e0 rallonger le d\u00e9lai g\u00e9n\u00e9ral de reprise de l\u2019Administration fiscale fran\u00e7aise, n\u2019aura aucune influence sur le d\u00e9lai sp\u00e9cial de reprise de cette derni\u00e8re lequel continue d\u2019expirer le 31 d\u00e9cembre de la dixi\u00e8me ann\u00e9e suivant celle au titre de laquelle l\u2019imposition est due.<\/p>\n<p>A titre de pr\u00e9cision, ce d\u00e9lai sp\u00e9cial ne s\u2019applique que dans des situations sp\u00e9cifiques lesquelles sont pr\u00e9vues par la loi et qui englobent notamment le cas de non-respect des obligations d\u00e9claratives concernant les comptes d\u00e9tenus \u00e0 l\u2019\u00e9tranger.<\/p>\n<p><strong>Etant entendu que ce droit de reprise concerne les seuls revenus ou b\u00e9n\u00e9fices aff\u00e9rents aux obligations d\u00e9claratives non respect\u00e9es.<\/strong><\/p>\n\n\t\t<div class='author-shortcodes'>\n\t\t\t<div class='author-inner'>\n\t\t\t\t<div class='author-image'>\n\t\t\t<img src='https:\/\/abitbol-associes.com\/wp-content\/uploads\/2013\/06\/Logo-Carr\u00e9.jpg' alt='' \/>\n\t\t\t<div class='author-overlay'><\/div>\n\t\t<\/div> <!-- .author-image -->\nNotre Cabinet, enrichi de ses avocats et conseillers fiscalistes fran\u00e7ais et isra\u00e9liens, s&rsquo;est fix\u00e9 pour mission de vous garantir un accompagnement de haut niveau gr\u00e2ce \u00e0 notre double expertise et notre pr\u00e9sence en France et en Isra\u00ebl et se tient \u00e0 votre disposition pour mettre en place les solutions les plus adapt\u00e9es \u00e0 vos besoins particuliers.\n\t\t\t<\/div> <!-- .author-inner -->\n\t\t<\/div> <!-- .author-shortcodes -->\n<!-- Go to www.addthis.com\/dashboard to customize your tools -->\r\n<div class=\"addthis_native_toolbox\"><\/div>\r\n<br \/>\r\n<br \/>","protected":false},"excerpt":{"rendered":"<!-- Go to www.addthis.com\/dashboard to customize your tools -->\r\n<div class=\"addthis_native_toolbox\"><\/div>\r\n<br \/>\r\n<br \/>","protected":false},"author":2,"featured_media":2775,"comment_status":"closed","ping_status":"closed","sticky":false,"template":"","format":"standard","meta":{"footnotes":""},"categories":[69,4,77],"tags":[43,88,40,37],"class_list":["post-2773","post","type-post","status-publish","format-standard","has-post-thumbnail","hentry","category-alyah-israel","category-blog","category-fiscalite-israel-france","tag-alya","tag-avocat-fiscaliste","tag-fiscalite-israel","tag-impots-israel"],"yoast_head":"<!-- This site is optimized with the Yoast SEO plugin v25.5 - https:\/\/yoast.com\/wordpress\/plugins\/seo\/ -->\n<title>Fiscalit\u00e9 Israel-France: le d\u00e9lai de reprise de l\u2019Administration fiscale fran\u00e7aise modifi\u00e9e pour 2018 - Abitbol Associes<\/title>\n<meta name=\"robots\" content=\"index, follow, max-snippet:-1, max-image-preview:large, max-video-preview:-1\" \/>\n<link rel=\"canonical\" href=\"https:\/\/www.abitbol-associes.com\/fr\/fiscalite-israel-france-le-delai-de-reprise-de-ladministration-fiscale-francaise-modifiee-pour-2018\/\" \/>\n<meta property=\"og:locale\" content=\"fr_FR\" \/>\n<meta property=\"og:type\" content=\"article\" \/>\n<meta property=\"og:title\" content=\"Fiscalit\u00e9 Israel-France: le d\u00e9lai de reprise de l\u2019Administration fiscale fran\u00e7aise modifi\u00e9e pour 2018 - Abitbol Associes\" \/>\n<meta property=\"og:url\" content=\"https:\/\/www.abitbol-associes.com\/fr\/fiscalite-israel-france-le-delai-de-reprise-de-ladministration-fiscale-francaise-modifiee-pour-2018\/\" \/>\n<meta property=\"og:site_name\" content=\"Abitbol Associes\" \/>\n<meta property=\"article:published_time\" content=\"2018-09-13T11:20:25+00:00\" \/>\n<meta property=\"article:modified_time\" content=\"2019-09-05T17:24:01+00:00\" \/>\n<meta property=\"og:image\" content=\"https:\/\/www.abitbol-associes.com\/wp-content\/uploads\/2018\/09\/Depositphotos_22733967_xl-2015-1024x683.jpg\" \/>\n\t<meta property=\"og:image:width\" content=\"1024\" \/>\n\t<meta property=\"og:image:height\" content=\"683\" \/>\n\t<meta property=\"og:image:type\" content=\"image\/jpeg\" \/>\n<meta name=\"author\" content=\"The team\" \/>\n<meta name=\"twitter:card\" content=\"summary_large_image\" \/>\n<meta name=\"twitter:label1\" content=\"\u00c9crit par\" \/>\n\t<meta name=\"twitter:data1\" content=\"The team\" \/>\n\t<meta name=\"twitter:label2\" content=\"Dur\u00e9e de lecture estim\u00e9e\" \/>\n\t<meta name=\"twitter:data2\" content=\"2 minutes\" \/>\n<script type=\"application\/ld+json\" class=\"yoast-schema-graph\">{\"@context\":\"https:\/\/schema.org\",\"@graph\":[{\"@type\":\"WebPage\",\"@id\":\"https:\/\/www.abitbol-associes.com\/fr\/fiscalite-israel-france-le-delai-de-reprise-de-ladministration-fiscale-francaise-modifiee-pour-2018\/\",\"url\":\"https:\/\/www.abitbol-associes.com\/fr\/fiscalite-israel-france-le-delai-de-reprise-de-ladministration-fiscale-francaise-modifiee-pour-2018\/\",\"name\":\"Fiscalit\u00e9 Israel-France: le d\u00e9lai de reprise de l\u2019Administration fiscale fran\u00e7aise modifi\u00e9e pour 2018 - Abitbol Associes\",\"isPartOf\":{\"@id\":\"https:\/\/www.abitbol-associes.com\/fr\/#website\"},\"primaryImageOfPage\":{\"@id\":\"https:\/\/www.abitbol-associes.com\/fr\/fiscalite-israel-france-le-delai-de-reprise-de-ladministration-fiscale-francaise-modifiee-pour-2018\/#primaryimage\"},\"image\":{\"@id\":\"https:\/\/www.abitbol-associes.com\/fr\/fiscalite-israel-france-le-delai-de-reprise-de-ladministration-fiscale-francaise-modifiee-pour-2018\/#primaryimage\"},\"thumbnailUrl\":\"https:\/\/www.abitbol-associes.com\/wp-content\/uploads\/2018\/09\/Depositphotos_22733967_xl-2015.jpg\",\"datePublished\":\"2018-09-13T11:20:25+00:00\",\"dateModified\":\"2019-09-05T17:24:01+00:00\",\"author\":{\"@id\":\"https:\/\/www.abitbol-associes.com\/fr\/#\/schema\/person\/cb81d7391e07aca8592c9bf9728ae339\"},\"breadcrumb\":{\"@id\":\"https:\/\/www.abitbol-associes.com\/fr\/fiscalite-israel-france-le-delai-de-reprise-de-ladministration-fiscale-francaise-modifiee-pour-2018\/#breadcrumb\"},\"inLanguage\":\"fr-FR\",\"potentialAction\":[{\"@type\":\"ReadAction\",\"target\":[[\"https:\/\/www.abitbol-associes.com\/fr\/fiscalite-israel-france-le-delai-de-reprise-de-ladministration-fiscale-francaise-modifiee-pour-2018\/\"]]}]},{\"@type\":\"ImageObject\",\"inLanguage\":\"fr-FR\",\"@id\":\"https:\/\/www.abitbol-associes.com\/fr\/fiscalite-israel-france-le-delai-de-reprise-de-ladministration-fiscale-francaise-modifiee-pour-2018\/#primaryimage\",\"url\":\"https:\/\/www.abitbol-associes.com\/wp-content\/uploads\/2018\/09\/Depositphotos_22733967_xl-2015.jpg\",\"contentUrl\":\"https:\/\/www.abitbol-associes.com\/wp-content\/uploads\/2018\/09\/Depositphotos_22733967_xl-2015.jpg\",\"width\":5760,\"height\":3840,\"caption\":\"Fiscalit\u00e9 Israel-France: Le d\u00e9lai de reprise de l\u2019Administration fiscale fran\u00e7aise modifi\u00e9e pour 2018\"},{\"@type\":\"BreadcrumbList\",\"@id\":\"https:\/\/www.abitbol-associes.com\/fr\/fiscalite-israel-france-le-delai-de-reprise-de-ladministration-fiscale-francaise-modifiee-pour-2018\/#breadcrumb\",\"itemListElement\":[{\"@type\":\"ListItem\",\"position\":1,\"name\":\"Home\",\"item\":\"https:\/\/www.abitbol-associes.com\/fr\/\"},{\"@type\":\"ListItem\",\"position\":2,\"name\":\"Fiscalit\u00e9 Israel-France: le d\u00e9lai de reprise de l\u2019Administration fiscale fran\u00e7aise modifi\u00e9e pour 2018\"}]},{\"@type\":\"WebSite\",\"@id\":\"https:\/\/www.abitbol-associes.com\/fr\/#website\",\"url\":\"https:\/\/www.abitbol-associes.com\/fr\/\",\"name\":\"Abitbol Associes\",\"description\":\"Parce que votre exigence est notre priorit\u00e9\",\"potentialAction\":[{\"@type\":\"SearchAction\",\"target\":{\"@type\":\"EntryPoint\",\"urlTemplate\":\"https:\/\/www.abitbol-associes.com\/fr\/?s={search_term_string}\"},\"query-input\":{\"@type\":\"PropertyValueSpecification\",\"valueRequired\":true,\"valueName\":\"search_term_string\"}}],\"inLanguage\":\"fr-FR\"},{\"@type\":\"Person\",\"@id\":\"https:\/\/www.abitbol-associes.com\/fr\/#\/schema\/person\/cb81d7391e07aca8592c9bf9728ae339\",\"name\":\"The team\",\"image\":{\"@type\":\"ImageObject\",\"inLanguage\":\"fr-FR\",\"@id\":\"https:\/\/www.abitbol-associes.com\/fr\/#\/schema\/person\/image\/\",\"url\":\"https:\/\/secure.gravatar.com\/avatar\/4d9ec216da5ace4ddb6f6ab9a6e7872a9549cae8018507c85d650d53356a1d97?s=96&d=mm&r=g\",\"contentUrl\":\"https:\/\/secure.gravatar.com\/avatar\/4d9ec216da5ace4ddb6f6ab9a6e7872a9549cae8018507c85d650d53356a1d97?s=96&d=mm&r=g\",\"caption\":\"The team\"},\"url\":\"https:\/\/www.abitbol-associes.com\/fr\/author\/daniel\/\"}]}<\/script>\n<!-- \/ Yoast SEO plugin. -->","yoast_head_json":{"title":"Fiscalit\u00e9 Israel-France: le d\u00e9lai de reprise de l\u2019Administration fiscale fran\u00e7aise modifi\u00e9e pour 2018 - Abitbol Associes","robots":{"index":"index","follow":"follow","max-snippet":"max-snippet:-1","max-image-preview":"max-image-preview:large","max-video-preview":"max-video-preview:-1"},"canonical":"https:\/\/www.abitbol-associes.com\/fr\/fiscalite-israel-france-le-delai-de-reprise-de-ladministration-fiscale-francaise-modifiee-pour-2018\/","og_locale":"fr_FR","og_type":"article","og_title":"Fiscalit\u00e9 Israel-France: le d\u00e9lai de reprise de l\u2019Administration fiscale fran\u00e7aise modifi\u00e9e pour 2018 - Abitbol Associes","og_url":"https:\/\/www.abitbol-associes.com\/fr\/fiscalite-israel-france-le-delai-de-reprise-de-ladministration-fiscale-francaise-modifiee-pour-2018\/","og_site_name":"Abitbol Associes","article_published_time":"2018-09-13T11:20:25+00:00","article_modified_time":"2019-09-05T17:24:01+00:00","og_image":[{"width":1024,"height":683,"url":"https:\/\/www.abitbol-associes.com\/wp-content\/uploads\/2018\/09\/Depositphotos_22733967_xl-2015-1024x683.jpg","type":"image\/jpeg"}],"author":"The team","twitter_card":"summary_large_image","twitter_misc":{"\u00c9crit par":"The team","Dur\u00e9e de lecture estim\u00e9e":"2 minutes"},"schema":{"@context":"https:\/\/schema.org","@graph":[{"@type":"WebPage","@id":"https:\/\/www.abitbol-associes.com\/fr\/fiscalite-israel-france-le-delai-de-reprise-de-ladministration-fiscale-francaise-modifiee-pour-2018\/","url":"https:\/\/www.abitbol-associes.com\/fr\/fiscalite-israel-france-le-delai-de-reprise-de-ladministration-fiscale-francaise-modifiee-pour-2018\/","name":"Fiscalit\u00e9 Israel-France: le d\u00e9lai de reprise de l\u2019Administration fiscale fran\u00e7aise modifi\u00e9e pour 2018 - Abitbol Associes","isPartOf":{"@id":"https:\/\/www.abitbol-associes.com\/fr\/#website"},"primaryImageOfPage":{"@id":"https:\/\/www.abitbol-associes.com\/fr\/fiscalite-israel-france-le-delai-de-reprise-de-ladministration-fiscale-francaise-modifiee-pour-2018\/#primaryimage"},"image":{"@id":"https:\/\/www.abitbol-associes.com\/fr\/fiscalite-israel-france-le-delai-de-reprise-de-ladministration-fiscale-francaise-modifiee-pour-2018\/#primaryimage"},"thumbnailUrl":"https:\/\/www.abitbol-associes.com\/wp-content\/uploads\/2018\/09\/Depositphotos_22733967_xl-2015.jpg","datePublished":"2018-09-13T11:20:25+00:00","dateModified":"2019-09-05T17:24:01+00:00","author":{"@id":"https:\/\/www.abitbol-associes.com\/fr\/#\/schema\/person\/cb81d7391e07aca8592c9bf9728ae339"},"breadcrumb":{"@id":"https:\/\/www.abitbol-associes.com\/fr\/fiscalite-israel-france-le-delai-de-reprise-de-ladministration-fiscale-francaise-modifiee-pour-2018\/#breadcrumb"},"inLanguage":"fr-FR","potentialAction":[{"@type":"ReadAction","target":[["https:\/\/www.abitbol-associes.com\/fr\/fiscalite-israel-france-le-delai-de-reprise-de-ladministration-fiscale-francaise-modifiee-pour-2018\/"]]}]},{"@type":"ImageObject","inLanguage":"fr-FR","@id":"https:\/\/www.abitbol-associes.com\/fr\/fiscalite-israel-france-le-delai-de-reprise-de-ladministration-fiscale-francaise-modifiee-pour-2018\/#primaryimage","url":"https:\/\/www.abitbol-associes.com\/wp-content\/uploads\/2018\/09\/Depositphotos_22733967_xl-2015.jpg","contentUrl":"https:\/\/www.abitbol-associes.com\/wp-content\/uploads\/2018\/09\/Depositphotos_22733967_xl-2015.jpg","width":5760,"height":3840,"caption":"Fiscalit\u00e9 Israel-France: Le d\u00e9lai de reprise de l\u2019Administration fiscale fran\u00e7aise modifi\u00e9e pour 2018"},{"@type":"BreadcrumbList","@id":"https:\/\/www.abitbol-associes.com\/fr\/fiscalite-israel-france-le-delai-de-reprise-de-ladministration-fiscale-francaise-modifiee-pour-2018\/#breadcrumb","itemListElement":[{"@type":"ListItem","position":1,"name":"Home","item":"https:\/\/www.abitbol-associes.com\/fr\/"},{"@type":"ListItem","position":2,"name":"Fiscalit\u00e9 Israel-France: le d\u00e9lai de reprise de l\u2019Administration fiscale fran\u00e7aise modifi\u00e9e pour 2018"}]},{"@type":"WebSite","@id":"https:\/\/www.abitbol-associes.com\/fr\/#website","url":"https:\/\/www.abitbol-associes.com\/fr\/","name":"Abitbol Associes","description":"Parce que votre exigence est notre priorit\u00e9","potentialAction":[{"@type":"SearchAction","target":{"@type":"EntryPoint","urlTemplate":"https:\/\/www.abitbol-associes.com\/fr\/?s={search_term_string}"},"query-input":{"@type":"PropertyValueSpecification","valueRequired":true,"valueName":"search_term_string"}}],"inLanguage":"fr-FR"},{"@type":"Person","@id":"https:\/\/www.abitbol-associes.com\/fr\/#\/schema\/person\/cb81d7391e07aca8592c9bf9728ae339","name":"The team","image":{"@type":"ImageObject","inLanguage":"fr-FR","@id":"https:\/\/www.abitbol-associes.com\/fr\/#\/schema\/person\/image\/","url":"https:\/\/secure.gravatar.com\/avatar\/4d9ec216da5ace4ddb6f6ab9a6e7872a9549cae8018507c85d650d53356a1d97?s=96&d=mm&r=g","contentUrl":"https:\/\/secure.gravatar.com\/avatar\/4d9ec216da5ace4ddb6f6ab9a6e7872a9549cae8018507c85d650d53356a1d97?s=96&d=mm&r=g","caption":"The team"},"url":"https:\/\/www.abitbol-associes.com\/fr\/author\/daniel\/"}]}},"jetpack_featured_media_url":"https:\/\/www.abitbol-associes.com\/wp-content\/uploads\/2018\/09\/Depositphotos_22733967_xl-2015.jpg","_links":{"self":[{"href":"https:\/\/www.abitbol-associes.com\/fr\/wp-json\/wp\/v2\/posts\/2773","targetHints":{"allow":["GET"]}}],"collection":[{"href":"https:\/\/www.abitbol-associes.com\/fr\/wp-json\/wp\/v2\/posts"}],"about":[{"href":"https:\/\/www.abitbol-associes.com\/fr\/wp-json\/wp\/v2\/types\/post"}],"author":[{"embeddable":true,"href":"https:\/\/www.abitbol-associes.com\/fr\/wp-json\/wp\/v2\/users\/2"}],"replies":[{"embeddable":true,"href":"https:\/\/www.abitbol-associes.com\/fr\/wp-json\/wp\/v2\/comments?post=2773"}],"version-history":[{"count":2,"href":"https:\/\/www.abitbol-associes.com\/fr\/wp-json\/wp\/v2\/posts\/2773\/revisions"}],"predecessor-version":[{"id":2933,"href":"https:\/\/www.abitbol-associes.com\/fr\/wp-json\/wp\/v2\/posts\/2773\/revisions\/2933"}],"wp:featuredmedia":[{"embeddable":true,"href":"https:\/\/www.abitbol-associes.com\/fr\/wp-json\/wp\/v2\/media\/2775"}],"wp:attachment":[{"href":"https:\/\/www.abitbol-associes.com\/fr\/wp-json\/wp\/v2\/media?parent=2773"}],"wp:term":[{"taxonomy":"category","embeddable":true,"href":"https:\/\/www.abitbol-associes.com\/fr\/wp-json\/wp\/v2\/categories?post=2773"},{"taxonomy":"post_tag","embeddable":true,"href":"https:\/\/www.abitbol-associes.com\/fr\/wp-json\/wp\/v2\/tags?post=2773"}],"curies":[{"name":"wp","href":"https:\/\/api.w.org\/{rel}","templated":true}]}}